{"id":1320,"date":"2021-12-16T15:46:16","date_gmt":"2021-12-16T15:46:16","guid":{"rendered":"https:\/\/linie4life.cz\/?p=1320"},"modified":"2025-05-05T20:58:13","modified_gmt":"2025-05-05T18:58:13","slug":"probiotikumok-antibiotikumokkal","status":"publish","type":"post","link":"https:\/\/www.linie4life.com\/hu\/probiotika-pri-antibiotikach\/","title":{"rendered":"Probiotikumok antibiotikumokkal? Igen \u2013 de csak akkor, ha tudod, hogyan kell helyesen szedni \u0151ket (\u00e9s mi\u00e9rt is fontos ez)"},"content":{"rendered":"<p>Val\u00f3sz\u00edn\u0171leg tudod, hogy ha antibiotikumot szedsz, az orvosod mindig azt fogja javasolni, hogy probiotikumokat is szedj. De a probiotikumok nem csak akkor hasznosak, ha... Mikor m\u00e1skor is j\u00f3t\u00e9kony hat\u00e1ssal vannak a szervezet\u00fcnkre, \u00e9s mi\u00e9rt?<\/p>\n<h2><\/h2>\n<h2>Hogyan seg\u00edthetnek a probiotikumok antibiotikum-k\u00fara eset\u00e9n?<\/h2>\n<p><img fetchpriority=\"high\" decoding=\"async\" class=\"size-medium wp-image-1322 alignleft\" src=\"https:\/\/www.linie4life.com\/wp-content\/uploads\/2021\/12\/modra-plastelina-ve-tvaru-strev-obklopena-bilymi-pilulkami-na-modrem-podkladu-symbol-zdravi-traviciho-systemu.webp\" alt=\"\" width=\"300\" height=\"200\" title=\"\">Gondolt\u00e1l m\u00e1r ezekre a kifejez\u00e9sekre \u2013 antibiotikumok vs. probiotikumok? Antibiotikumok vs. probiotikumok? Nem v\u00e9letlen, hogy ugyanaz a t\u0151szava, de elt\u00e9r\u0151, s\u0151t ellent\u00e9tes el\u0151tagokb\u00f3l \u00e1llnak.<\/p>\n<p>A biotikus sz\u00f3 jelent\u00e9se \u201e\u00e9let\u201d. A \u201epro\u201d \u00e9s \u201eanti\u201d el\u0151tagokat val\u00f3sz\u00edn\u0171leg nem kell magyar\u00e1zni.<\/p>\n<p><strong>Antibiotikumok<\/strong> gyullad\u00e1sos betegs\u00e9gek kezel\u00e9s\u00e9re haszn\u00e1lj\u00e1k. <strong>Teh\u00e1t elpuszt\u00edtja a bakt\u00e9riumokat<\/strong>Sajnos nem tud k\u00fcl\u00f6nbs\u00e9get tenni a j\u00f3 \u00e9s a rossz bakt\u00e9riumok k\u00f6z\u00f6tt, ez\u00e9rt gyakran elpuszt\u00edtja azokat a j\u00f3 bakt\u00e9riumokat, amelyekre sz\u00fcks\u00e9g\u00fcnk van az eg\u00e9szs\u00e9g\u00fcnkh\u00f6z \u00e9s... <strong>funkcion\u00e1lis immunrendszer<\/strong>.<\/p>\n<p>\u00c9ppen ellenkez\u0151leg <a href=\"https:\/\/www.linie4life.com\/hu\/e-shop\/proveotic-vegan-probiotikumok-tejmentes-120-kapszula\/?wmc-currency=HUF\" target=\"_blank\" rel=\"noopener\"><strong>probiotikumok<\/strong><\/a> \u00e9l\u0151 szervezetek. Seg\u00edtenek <strong>fenntart<\/strong> j\u00f3 \u00e9s rossz bakt\u00e9riumok a szervezetben <strong>egyens\u00falyban<\/strong>, ami fontos a <strong>eg\u00e9szs\u00e9ges b\u00e9lfl\u00f3ra<\/strong>Ez kiegyenl\u00edti a <strong>80 % <a href=\"https:\/\/linie4life.cz\/produkt\/immuboo\/\" target=\"_blank\" rel=\"noopener\">immunrendszer<\/a><\/strong>.<\/p>\n<p>A probiotikumokat ez\u00e9rt az antibiotikumokkal egy id\u0151ben \u00e9s legal\u00e1bb 14 napig kell szedni azok bev\u00e9tele ut\u00e1n. A legjobb hat\u00e1s el\u00e9r\u00e9se \u00e9rdek\u00e9ben \u00e9rdemes legal\u00e1bb 14 napot eltelni az antibiotikum \u00e9s a probiotikum szed\u00e9se k\u00f6z\u00f6tt. <strong>2 \u00f3ra<\/strong>.<\/p>\n<h2><\/h2>\n<h2>Az eg\u00e9szs\u00e9ges b\u00e9lrendszer az immunit\u00e1s alapja<\/h2>\n<p><img decoding=\"async\" class=\"size-medium wp-image-1363 alignright\" src=\"https:\/\/www.linie4life.com\/wp-content\/uploads\/2021\/12\/zena-v-bezovem-spodnim-pradle-predvadi-gesta-rukama-kolem-pasu-na-bilem-pozadi-zamereno-na-brisni-oblast.webp\" alt=\"\" width=\"300\" height=\"200\" title=\"\"><strong>B\u00e9lfl\u00f3ra <\/strong>k\u00f6r\u00fclbel\u00fcl sz\u00e1zbilli\u00f3 k\u00fcl\u00f6nb\u00f6z\u0151 bakt\u00e9riumb\u00f3l \u00e1ll. Ez a b\u00e9lfl\u00f3ra pedig ak\u00e1r 80-90%-kal is befoly\u00e1solja immunit\u00e1sunkat. Ez\u00e9rt egy\u00e9rtelm\u0171, hogy val\u00f3ban t\u00f6r\u0151dn\u00fcnk kell beleink rendben tart\u00e1s\u00e1val \u00e9s a benn\u00fck l\u00e9v\u0151 bakt\u00e9riumok eg\u00e9szs\u00e9g\u00e9vel. <a href=\"https:\/\/www.linie4life.com\/hu\/e-shop\/kovafold-meregtelenites-fogyas-bor-kormok-haj\/?wmc-currency=HUF\"><strong>egyens\u00falyban<\/strong><\/a>Amint megjelennek ott valamilyen rossz, k\u00f3rokoz\u00f3 bakt\u00e9riumok, az \u00e1rthat nek\u00fcnk.<\/p>\n<p><strong>J\u00f3 bakt\u00e9riumok hi\u00e1nya<\/strong> K\u00fcl\u00f6nf\u00e9le probl\u00e9m\u00e1khoz vezethet, bele\u00e9rtve az em\u00e9szt\u00e9si probl\u00e9m\u00e1kat, p\u00e9ld\u00e1ul hasmen\u00e9st vagy sz\u00e9kreked\u00e9st, a h\u00fcvelyi vagy sz\u00e1j\u00fcregi gomb\u00e1s fert\u0151z\u00e9seket, ekc\u00e9m\u00e1t \u00e9s sz\u00e1mos egy\u00e9b probl\u00e9m\u00e1t. <a href=\"https:\/\/www.linie4life.com\/hu\/e-shop\/szerrapeptaz-kiegeszito-250000-spu\/?wmc-currency=HUF\" target=\"_blank\" rel=\"noopener\">gyullad\u00e1sos betegs\u00e9gek<\/a>, de autoimmun b\u00e9lbetegs\u00e9g kit\u00f6r\u00e9s\u00e9hez vezethetnek.<\/p>\n<h2><\/h2>\n<h2>Hogyan seg\u00edthetnek a probiotikumok<\/h2>\n<p><img decoding=\"async\" class=\"size-medium wp-image-1362 alignleft\" src=\"https:\/\/www.linie4life.com\/wp-content\/uploads\/2021\/12\/modre-pilulky-usporadane-do-tvaru-sipky-na-nahem-lidskem-brise-zamereni-na-zlepseni-traveni-ci-zdravi.webp\" alt=\"\" width=\"300\" height=\"200\" title=\"\"><a href=\"https:\/\/www.linie4life.com\/hu\/e-shop\/proveotic-vegan-probiotikumok-tejmentes-120-kapszula\/?wmc-currency=HUF\"><strong>Probiotikumok<\/strong><\/a> B\u00e1r ezek a betegs\u00e9gek nem gy\u00f3gyulnak meg \u00f6nmagukt\u00f3l, m\u00e9gis\u2026 <strong>seg\u00edt fenntartani a j\u00f3 bakt\u00e9riumok szintj\u00e9t<\/strong>nagy seg\u00edts\u00e9get jelenthetnek a kezel\u00e9s hat\u00e9kony kieg\u00e9sz\u00edt\u0151jek\u00e9nt. Bizonyos probl\u00e9m\u00e1k eset\u00e9n azonban <strong>megakad\u00e1lyozni<\/strong>.<\/p>\n<p>Mindenk\u00e9ppen hat\u00e9konyak a k\u00f6vetkez\u0151kre: <strong>hasmen\u00e9ses betegs\u00e9gek<\/strong>ak\u00e1r antibiotikumos kezel\u00e9s sor\u00e1n, ak\u00e1r p\u00e9ld\u00e1ul egzotikus orsz\u00e1gokba utaz\u00e1skor, de akkor is, ha <strong>irrit\u00e1bilis b\u00e9l szindr\u00f3ma ter\u00e1pia<\/strong> vagy kezel\u00e9s <strong>idiop\u00e1ti\u00e1s proktokolitisz<\/strong>V\u00e1rand\u00f3s n\u0151knek is aj\u00e1nlottak, mivel jelent\u0151sen <strong>cs\u00f6kkenteni a magzati hal\u00e1loz\u00e1st<\/strong>.<\/p>\n<p>A belek bakt\u00e9riumok \u00e1ltali els\u0151 koloniz\u00e1ci\u00f3ja a k\u00f6vetkez\u0151 id\u0151szakban t\u00f6rt\u00e9nik: <strong>h\u00fcvelyi sz\u00fcl\u00e9s<\/strong>, amikor a baba \u00e1thalad a sz\u00fcl\u0151csatorn\u00e1n \u00e9s mag\u00e1ba sz\u00edvja az anya bakt\u00e9riumait. Ez\u00e9rt j\u00f3, ha a v\u00e1rand\u00f3s anya a sz\u00fcl\u00e9s k\u00f6zeledt\u00e9vel \u00fcgyel arra, hogy a h\u00fcvelye ne legyen tele k\u00f3rokoz\u00f3 organizmusokkal. Ez pedig abban is seg\u00edt, <strong>megfelel\u0151en kiv\u00e1lasztott probiotikumok<\/strong>.<\/p>\n<h2><\/h2>\n<h2>Probiotikumok vagy prebiotikumok?<\/h2>\n<p><img loading=\"lazy\" decoding=\"async\" class=\"size-medium wp-image-1325 alignright\" src=\"https:\/\/www.linie4life.com\/wp-content\/uploads\/2021\/12\/osoba-pripravuje-kojeneckou-vyzivu-s-modrou-odmerkou-u-stolu-v-jasne-osvetlenem-prostoru.webp\" alt=\"\" width=\"300\" height=\"200\" title=\"\"><strong>Prebiotikumok<\/strong> fontos seg\u00e9danyagok, amelyek alkotj\u00e1k <strong>bakt\u00e9riumok t\u00e1pl\u00e1l\u00e9ka<\/strong>\u00cdgy megfelel\u0151 felt\u00e9teleket teremtenek a n\u00f6veked\u00e9s\u00fckh\u00f6z, szaporod\u00e1sukhoz \u00e9s \u00faj kol\u00f3ni\u00e1k l\u00e9trehoz\u00e1s\u00e1hoz. Term\u00e9szetesen f\u0151k\u00e9nt gy\u00fcm\u00f6lcs\u00f6kben, p\u00e9ld\u00e1ul ban\u00e1nban \u00e9s alm\u00e1ban tal\u00e1lhat\u00f3 meg, de z\u00f6lds\u00e9gekben, p\u00e9ld\u00e1ul hagym\u00e1ban is.<\/p>\n<p><strong>Szimbiotikus<\/strong> akkor a probiotikumok \u00e9s prebiotikumok megfelel\u0151 kombin\u00e1ci\u00f3ja az.<\/p>\n<p><strong>Posztbiotikus<\/strong> a bakt\u00e9riumok anyagcsere-folyamatainak eredm\u00e9nyek\u00e9nt l\u00e9trej\u00f6v\u0151 anyagok. Nagyon fontosak az immunrendszer megfelel\u0151 m\u0171k\u00f6d\u00e9s\u00e9hez.<\/p>\n<h2><\/h2>\n<h2>Nincs olyan, hogy probiotikum. Hogyan v\u00e1lasszuk ki a megfelel\u0151t?<\/h2>\n<p><img loading=\"lazy\" decoding=\"async\" class=\"size-medium wp-image-1326 alignleft\" src=\"https:\/\/www.linie4life.com\/wp-content\/uploads\/2021\/12\/domaci-kombucha-v-sklenicich-s-citrusy-a-zazvorem-na-drevenem-podnosu-rucne-psany-napis-kombucha-v-pozadi.webp\" alt=\"\" width=\"300\" height=\"200\" title=\"\">A leggyakoribb probiotikum t\u00f6rzsek, amelyekkel tal\u00e1lkozunk:<\/p>\n<ul>\n<li><strong>\u00c9leszt\u0151<\/strong> \u2013 Jav\u00edtj\u00e1k a szervezet sz\u00e1m\u00e1ra idegen bakt\u00e9riumokkal szembeni ellen\u00e1ll\u00f3 k\u00e9pess\u00e9get, \u00edgy alkalmasak utaz\u00f3k hasmen\u00e9s\u00e9nek kezel\u00e9s\u00e9re. Antibiotikum-haszn\u00e1lattal \u00f6sszef\u00fcgg\u0151 hasmen\u00e9s eset\u00e9n \u00e9s a vastagb\u00e9lgyullad\u00e1s megel\u0151z\u00e9s\u00e9re is haszn\u00e1lj\u00e1k \u0151ket.<\/li>\n<li><strong>Tejsavbakt\u00e9riumok<\/strong> \u2013 A lakt\u00f3zt tejsavv\u00e1 alak\u00edtja, ami a b\u00e9lben olyan k\u00f6rnyezetet teremt, amely ellens\u00e9ges a k\u00f3rokoz\u00f3 bakt\u00e9riumokkal szemben. Seg\u00edti az em\u00e9szt\u00e9st, megakad\u00e1lyozza a hasmen\u00e9st \u00e9s a b\u00e9lgyullad\u00e1st okoz\u00f3 bakt\u00e9riumok szaporod\u00e1s\u00e1t.<\/li>\n<li><strong>Enterobacteriaceae<\/strong> \u2013 Seg\u00edtenek a hasmen\u00e9sben antibiotikum-k\u00fara alatt.<\/li>\n<li><strong>Bifidobakt\u00e9riumok<\/strong> \u2013 Az els\u0151 bakt\u00e9rium, amellyel az \u00fajsz\u00fcl\u00f6tt kapcsolatba ker\u00fcl a term\u00e9szetes sz\u00fcl\u00e9s sor\u00e1n. Az anyatejben is megtal\u00e1lhat\u00f3. Savas pH-\u00e9rt\u00e9ket \u00e9s eg\u00e9szs\u00e9ges k\u00f6rnyezetet teremt, amely alapul szolg\u00e1l a baba immunrendszer\u00e9nek kialakul\u00e1s\u00e1hoz. Kieg\u00e9sz\u00edti a laktobacillusokat.<\/li>\n<\/ul>\n<p>Tudtad, hogy <a href=\"https:\/\/www.linie4life.com\/hu\/e-shop\/kombucha-kivonat-meregtelenites-fogyas-nyirokkeringes\/?wmc-currency=HUF\" target=\"_blank\" rel=\"noopener\">kombucha kivonat<\/a> a legjobb \u00e9s legkoncentr\u00e1ltabb term\u00e9szetes forr\u00e1sa sz\u00e1mos \u00e1sv\u00e1nyi anyagnak, vitaminnak \u00e9s szerves savnak? Ezt az erjesztett probiotikus italt \u00e9vsz\u00e1zadok \u00f3ta haszn\u00e1lj\u00e1k a m\u00e9regtelen\u00edt\u00e9s \u00e9s az \u00e1ltal\u00e1nos eg\u00e9szs\u00e9g t\u00e1mogat\u00e1s\u00e1ra.<\/p>","protected":false},"excerpt":{"rendered":"<p>Jist\u011b v\u00edte, \u017ee jakmile berete antibiotika, v\u017edy v\u00e1m l\u00e9ka\u0159 doporu\u010d\u00ed br\u00e1t tak\u00e9 probiotika. Ov\u0161em nejen tehdy jsou probiotika vhodn\u00e1. Kdy je\u0161t\u011b jsou na\u0161emu t\u011blu prosp\u011b\u0161n\u00e1 a pro\u010d? Jak probiotika pom\u00e1haj\u00ed p\u0159i bran\u00ed antibiotik Zamysleli jste se n\u011bkdy p\u0159\u00edmo nad t\u011bmi pojmy \u2013 antibiotika vs. probiotika? Anti-biotika vs. Pro-biotika? To, \u017ee maj\u00ed stejn\u00fd slovn\u00ed z\u00e1klad a [&hellip;]<\/p>\n","protected":false},"author":2,"featured_media":1321,"comment_status":"open","ping_status":"open","sticky":false,"template":"","format":"standard","meta":{"footnotes":""},"categories":[51,48],"tags":[],"class_list":["post-1320","post","type-post","status-publish","format-standard","has-post-thumbnail","hentry","category-strevni-mikrobiom","category-zdravi"],"_links":{"self":[{"href":"https:\/\/www.linie4life.com\/hu\/wp-json\/wp\/v2\/posts\/1320","targetHints":{"allow":["GET"]}}],"collection":[{"href":"https:\/\/www.linie4life.com\/hu\/wp-json\/wp\/v2\/posts"}],"about":[{"href":"https:\/\/www.linie4life.com\/hu\/wp-json\/wp\/v2\/types\/post"}],"author":[{"embeddable":true,"href":"https:\/\/www.linie4life.com\/hu\/wp-json\/wp\/v2\/users\/2"}],"replies":[{"embeddable":true,"href":"https:\/\/www.linie4life.com\/hu\/wp-json\/wp\/v2\/comments?post=1320"}],"version-history":[{"count":3,"href":"https:\/\/www.linie4life.com\/hu\/wp-json\/wp\/v2\/posts\/1320\/revisions"}],"predecessor-version":[{"id":7105,"href":"https:\/\/www.linie4life.com\/hu\/wp-json\/wp\/v2\/posts\/1320\/revisions\/7105"}],"wp:featuredmedia":[{"embeddable":true,"href":"https:\/\/www.linie4life.com\/hu\/wp-json\/wp\/v2\/media\/1321"}],"wp:attachment":[{"href":"https:\/\/www.linie4life.com\/hu\/wp-json\/wp\/v2\/media?parent=1320"}],"wp:term":[{"taxonomy":"category","embeddable":true,"href":"https:\/\/www.linie4life.com\/hu\/wp-json\/wp\/v2\/categories?post=1320"},{"taxonomy":"post_tag","embeddable":true,"href":"https:\/\/www.linie4life.com\/hu\/wp-json\/wp\/v2\/tags?post=1320"}],"curies":[{"name":"munkaf\u00fczet","href":"https:\/\/api.w.org\/{rel}","templated":true}]}}