{"id":1392,"date":"2021-12-27T08:47:46","date_gmt":"2021-12-27T08:47:46","guid":{"rendered":"https:\/\/linie4life.cz\/?p=1392"},"modified":"2025-05-05T20:58:12","modified_gmt":"2025-05-05T18:58:12","slug":"kalcium-a-szervezetben-kalciummal-kiegeszitve","status":"publish","type":"post","link":"https:\/\/www.linie4life.com\/hu\/vapnik-v-tele-doplnovani-vapniku\/","title":{"rendered":"Kalcium a szervezetben: Mi\u00e9rt van bel\u0151le t\u00fal kev\u00e9s (\u00e9s hogyan lehet v\u00e9g\u00fcl megv\u00e1ltoztatni)"},"content":{"rendered":"<p>A kalcium, m\u00e1s anyagokkal egy\u00fctt, l\u00e9tfontoss\u00e1g\u00fa a szervezet\u00fcnk sz\u00e1m\u00e1ra. Mi\u00e9rt van ez \u00edgy? Mi okozhat kalciumhi\u00e1nyt, \u00e9s hogyan p\u00f3tolhatjuk azt a szervezet\u00fcnkben?<\/p>\n<h2>Mi\u00e9rt fontos sz\u00e1munkra a kalcium?<\/h2>\n<p><img fetchpriority=\"high\" decoding=\"async\" class=\"size-medium wp-image-1395 alignleft\" src=\"https:\/\/www.linie4life.com\/wp-content\/uploads\/2021\/12\/kalcium-v-podobe-chemicke-tabulky-a-bilych-kapsli-zdroj-dulezitych-mineralu-pro-zdravi-kosti-a-svalu.webp\" alt=\"\" width=\"300\" height=\"200\" title=\"\">A kalcium els\u0151sorban a k\u00e9pz\u0151d\u00e9s\u00e9ben \u00e9s fenntart\u00e1s\u00e1ban j\u00e1tszik szerepet. <strong>csontok \u00e9s fogak<\/strong> \u00e9s min\u0151s\u00e9gfejleszt\u00e9s\u00fckh\u00f6z. Ezenk\u00edv\u00fcl rendszeres <strong>a sz\u00edvm\u0171k\u00f6d\u00e9s \u00e9s a v\u00e9rkering\u00e9s,<\/strong> a tev\u00e9kenys\u00e9ghez <strong>idegek \u00e9s izmok<\/strong> \u00e9s az \u00e1tad\u00e1shoz <strong>idegimpulzusok<\/strong>Regener\u00e1lja is <strong>pulzussz\u00e1m<\/strong>, enyh\u00edti az \u00e1lmatlans\u00e1got \u00e9s jav\u00edtja az idegrendszer m\u0171k\u00f6d\u00e9s\u00e9t. De seg\u00edt a k\u00f6vetkez\u0151kben is: <strong>vas felsz\u00edv\u00f3d\u00e1s<\/strong>.<\/p>\n<p>Annak ellen\u00e9re <strong>fizikai mozg\u00e1s<\/strong> A kalcium bevitel\u00e9vel javul annak felsz\u00edv\u00f3d\u00e1sa \u00e9s hasznosul\u00e1sa. Ennek eredm\u00e9nyek\u00e9nt egy fizikailag akt\u00edv ember kevesebb kalciumot vesz\u00edt, mint egy \u00fcl\u0151 \u00e9letm\u00f3dot folytat\u00f3 ember.<\/p>\n<p>A kalcium cs\u00f6kkenti az \u00f3lom, a kadmium \u00e9s m\u00e1s m\u00e9rgez\u0151 anyagok k\u00e1ros hat\u00e1sait, m\u00e9rs\u00e9kli a neh\u00e9zf\u00e9mek felsz\u00edv\u00f3d\u00e1s\u00e1t \u00e9s seg\u00edt fenntartani a... <strong>sz\u00e9p megjelen\u00e9s<\/strong>.<\/p>\n<h2>Mi t\u00f6rt\u00e9nik kalciumhi\u00e1ny eset\u00e9n?<\/h2>\n<p><img decoding=\"async\" class=\"size-medium wp-image-1396 alignright\" src=\"https:\/\/www.linie4life.com\/wp-content\/uploads\/2021\/12\/pacientova-ruka-v-sadre-lekar-provadi-kontrolu-zdravotniho-stavu-pece-o-zlomeniny-a-hojeni-v-zdravotnickem-zarizeni.webp\" alt=\"\" width=\"300\" height=\"200\" title=\"\">A szervezetben a kalcium hi\u00e1nya a k\u00f6vetkez\u0151 t\u00fcneteket okozhatja: <strong>a csontok l\u00e1gyul\u00e1sa \u00e9s elv\u00e9konyod\u00e1sa<\/strong>Ha egy gyermeknek nincs kalciuma, az a k\u00f6vetkez\u0151ket okozhatja: <strong>angolk\u00f3r<\/strong>Feln\u0151ttekn\u00e9l el\u0151fordulhat <strong>csontl\u00e1gyul\u00e1s<\/strong>, amelyet csontf\u00e1jdalom, izomg\u00f6rcs\u00f6k \u00e9s s\u00e9r\u00fclt gerinc jellemez.<\/p>\n<p>Amikor a szervezetnek nincs el\u00e9g kalciumtartalma, el\u0151sz\u00f6r a k\u00f6vetkez\u0151 helyekr\u0151l veszi fel azt. <strong>az \u00e1llkapocsb\u00f3l<\/strong>, majd a bord\u00e1kb\u00f3l, csigoly\u00e1kb\u00f3l \u00e9s v\u00e9gtagcsontokb\u00f3l. Ez\u00e9rt a hi\u00e1nya pontosan megnyilv\u00e1nul <strong>romlott fog\u00e1szati \u00e1llapot<\/strong>, kezdve a fogszuvasod\u00e1s fokoz\u00f3d\u00e1s\u00e1val, folytat\u00f3dva a fogveszt\u00e9ssel \u00e9s a fog\u00e1gygyullad\u00e1ssal. Egy m\u00e1sik megnyilv\u00e1nul\u00e1si forma a <strong>f\u00e1jdalom \u00e9s csontritkul\u00e1s<\/strong> \u00e9s az \u00edz\u00fcletek vagy a t\u00f6r\u00e9keny csontok, amelyek hajlamosak a <strong>gyakoribb t\u00f6r\u00e9sek eset\u00e9n<\/strong>.<\/p>\n<p>De ez m\u00e9g nem minden. A szervezet \u00e1ltal a csontokb\u00f3l kivont kalcium felszabadul <strong>a v\u00e9rbe<\/strong>ahol n\u00f6veli a kock\u00e1zatot <strong>az art\u00e9ri\u00e1k megkem\u00e9nyed\u00e9se<\/strong> k\u00e9s\u0151bbi korban. Mire azonban ez megt\u00f6rt\u00e9nik, gyakran m\u00e1r t\u00fal k\u00e9s\u0151 b\u00e1rmit is megv\u00e1ltoztatni. A megold\u00e1s ekkor a gy\u00f3gyszeres kezel\u00e9s. Van m\u00e9g <a href=\"https:\/\/linie4life.cz\/produkt\/hearttool\/\" target=\"_blank\" rel=\"noopener\">egy m\u00e1sik \u00fat, egy term\u00e9szetes \u00fat<\/a>amikor seg\u00edtesz a saj\u00e1t testednek elkezdeni gy\u00f3gy\u00edtani \u00f6nmag\u00e1t.<\/p>\n<p>Mivel a kalcium az idegrendszerre, az izom- \u00e9s sz\u00edvm\u0171k\u00f6d\u00e9sre is hat\u00e1ssal van, hi\u00e1nya ezeken a ter\u00fcleteken is megnyilv\u00e1nulhat. Idegrendszeri \u00e9s pszichol\u00f3giai rendelleness\u00e9geket is okozhat, mint p\u00e9ld\u00e1ul <a href=\"https:\/\/linie4life.cz\/produkt\/make-u-happy\/\" target=\"_blank\" rel=\"noopener\"><strong>neur\u00f3zis, f\u00e1radts\u00e1g, fesz\u00fclts\u00e9g, \u00e1lmatlans\u00e1g vagy szorong\u00e1s<\/strong><\/a>.<\/p>\n<p>M\u00e1sr\u00e9szt a szervezet megfelel\u0151 kalciumszintje enyh\u00edtheti a h\u00e1t- \u00e9s b\u0151rf\u00e1jdalmakat, seg\u00edthet a menstru\u00e1ci\u00f3s g\u00f6rcs\u00f6k\u00f6n, \u00e9s seg\u00edthet a gyermekeknek az \u00fagynevezett \u201en\u00f6veked\u00e9si f\u00e1jdalmakkal\u201d k\u00fczdeni a t\u00e9rdben \u00e9s a csontokban.<\/p>\n<h2>Kalciumforr\u00e1sok<\/h2>\n<p><img decoding=\"async\" class=\"size-medium wp-image-1397 alignleft\" src=\"https:\/\/www.linie4life.com\/wp-content\/uploads\/2021\/12\/cerstvy-cizrnovy-salat-s-rajcaty-v-mise-zelene-smoothie-ve-sklenici-a-doplnek-stravy-na-ubrousku-zdrava-svacinka.webp\" alt=\"\" width=\"300\" height=\"200\" title=\"\">Miel\u0151tt arr\u00f3l besz\u00e9ln\u00e9nk, hogy miben tal\u00e1lhat\u00f3 a kalcium, fontos tiszt\u00e1zni egy alapvet\u0151 dolgot. Nevezetesen nemcsak a kalciumot kell bevinn\u00fcnk a szervezetbe, hanem gondoskodnunk kell annak felsz\u00edv\u00f3d\u00e1s\u00e1r\u00f3l is. <strong>felsz\u00edv\u00f3d\u00e1si k\u00e9pess\u00e9g<\/strong>Ez\u00e9rt fontos, hogy megfelel\u0151 forr\u00e1sokb\u00f3l szerezz\u00fck be, de az ell\u00e1t\u00e1st is biztos\u00edtsuk. <a href=\"https:\/\/linie4life.cz\/produkt\/kombucha-podpora-jater-a-detoxikace\/\" target=\"_blank\" rel=\"noopener\"><strong>egy\u00e9b \u00e1sv\u00e1nyi anyagok \u00e9s vitaminok<\/strong><\/a>, ami seg\u00edt a felsz\u00edv\u00f3d\u00e1s\u00e1ban \u00e9s hasznosul\u00e1s\u00e1ban. Ez els\u0151sorban a k\u00f6vetkez\u0151ket foglalja mag\u00e1ban: <strong>magn\u00e9zium, foszfor \u00e9s <a href=\"https:\/\/linie4life.cz\/produkt\/for-long-life-sunshine-d3-vitamin-sprej-2000-iu-50-ml-na-120-dni\/\" target=\"_blank\" rel=\"noopener\">D-vitamin<\/a><\/strong>.<\/p>\n<p>Val\u00f3sz\u00edn\u0171leg mindannyian tudjuk, hogy a kalcium f\u0151k\u00e9nt a k\u00f6vetkez\u0151kben tal\u00e1lhat\u00f3 meg: <strong>tej \u00e9s tejterm\u00e9kek<\/strong>A kalcium azonban ezekb\u0151l a forr\u00e1sokb\u00f3l kev\u00e9sb\u00e9 sz\u00edv\u00f3dik fel k\u00f6nnyen, ez\u00e9rt biztos\u00edtani kell a fent eml\u00edtett \u00e1sv\u00e1nyi anyagok \u00e9s vitaminok bevitel\u00e9t, valamint a megfelel\u0151 testmozg\u00e1st \u00e9s az eg\u00e9szs\u00e9ges \u00e9letm\u00f3dot.<\/p>\n<p>A kalcium nagy r\u00e9sze tejben \u00e9s tejterm\u00e9kekben tal\u00e1lhat\u00f3, <strong>olajos magvak<\/strong>, p\u00e9ld\u00e1ul m\u00e1k, di\u00f3f\u00e9l\u00e9k, mandula, szez\u00e1mmag... Szint\u00e9n <strong>sz\u00f3ja, z\u00f6lds\u00e9gek, toj\u00e1s<\/strong>\u2026<\/p>\n<p>Teh\u00e1t legal\u00e1bb 1 kg-ot kellene enn\u00fcnk naponta. <strong>gy\u00fcm\u00f6lcs\u00f6k \u00e9s z\u00f6lds\u00e9gek<\/strong>, a fogyaszt\u00e1s nagyobb r\u00e9szar\u00e1ny\u00e1val <strong>z\u00f6ld r\u00e9szek<\/strong> n\u00f6v\u00e9nyek. De elegend\u0151 mennyis\u00e9g\u0171 <strong>napsug\u00e1rz\u00e1s<\/strong>, aminek k\u00f6sz\u00f6nhet\u0151en szervezet\u00fcnk D-vitaminhoz jut, ami \u2013 mint m\u00e1r eml\u00edtett\u00fck \u2013 t\u00e1mogatja a kalcium felsz\u00edv\u00f3d\u00e1s\u00e1t \u00e9s hasznosul\u00e1s\u00e1t.<\/p>\n<p>Nemcsak a kalcium, hanem a <a href=\"https:\/\/linie4life.cz\/produkt\/mitracell\/\" target=\"_blank\" rel=\"noopener\"><strong>egy\u00e9b \u00e1sv\u00e1nyok<\/strong><\/a> sz\u00fcks\u00e9gesek \u00e9s fontosak a szervezet\u00fcnk sz\u00e1m\u00e1ra. Ennek az az oka, hogy szinergikusan hatnak, \u00e9s ennek eredm\u00e9nyek\u00e9nt szervezet\u00fcnk jobban felsz\u00edvja \u00e9s hasznos\u00edtja \u0151ket. Kieg\u00e9sz\u00edthetj\u00fck \u0151ket egyenk\u00e9nt vagy \u00e9trenden kereszt\u00fcl, de soha nem fogjuk el\u00e9rni a k\u00f6lcs\u00f6n\u00f6s szinergi\u00e1t \u00e9s hasznosul\u00e1st a szervezet\u00fcnk sz\u00e1m\u00e1ra, mint a v\u00e9ny n\u00e9lk\u00fcl kaphat\u00f3 min\u0151s\u00e9gi \u00e9trend-kieg\u00e9sz\u00edt\u0151k form\u00e1j\u00e1ban. Pontosan a t\u00f6bb \u00e1sv\u00e1nyi anyag megfelel\u0151 kombin\u00e1ci\u00f3j\u00e1nak k\u00f6sz\u00f6nhet\u0151en ide\u00e1lis a felsz\u00edv\u00f3d\u00e1suk \u00e9s a k\u00f6lcs\u00f6nhat\u00e1suk.<\/p>\n<h2>A kalcium ellens\u00e9gei<\/h2>\n<p><img loading=\"lazy\" decoding=\"async\" class=\"size-medium wp-image-1443 alignright\" src=\"https:\/\/www.linie4life.com\/wp-content\/uploads\/2021\/12\/divka-pijici-mleko-v-kuchyni-obklopena-cerstvym-ovocem-jako-ananas-a-pomerance-zdrave-stravovani.webp\" alt=\"\" width=\"300\" height=\"200\" title=\"\">Azok az \u00e9lelmiszerek, amelyek ezzel szemben g\u00e1tolj\u00e1k vagy megakad\u00e1lyozz\u00e1k a j\u00f3 kalciumfelsz\u00edv\u00f3d\u00e1st, a k\u00f6vetkez\u0151k: <strong>zs\u00edrok, ox\u00e1lsav<\/strong>, amely p\u00e9ld\u00e1ul a csokol\u00e1d\u00e9ban, a rebarbar\u00e1ban, a csal\u00e1nban \u00e9s a spen\u00f3tban tal\u00e1lhat\u00f3, de <strong>fitinsav<\/strong> gabon\u00e1ban tal\u00e1lhat\u00f3.<\/p>\n<p>Paradox m\u00f3don a kalciumot bizonyos k\u00f6t\u00f6tt k\u00e9nt tartalmaz\u00f3 anyagok is blokkolj\u00e1k, amelyek p\u00e9ld\u00e1ul a k\u00f6vetkez\u0151kben tal\u00e1lhat\u00f3k: <strong>teh\u00e9ntejben<\/strong>Hasonl\u00f3k\u00e9ppen, a tejterm\u00e9kek t\u00falzott fogyaszt\u00e1sa ism\u00e9t a k\u00f6vetkez\u0151h\u00f6z vezet: <strong>akt\u00edv kalcium hi\u00e1nya<\/strong> a szervezetben. R\u00e1ad\u00e1sul a tej \u00e9s tejterm\u00e9kek t\u00falzott fogyaszt\u00e1sa t\u00falzott fogyaszt\u00e1st jelent <strong>feh\u00e9rje<\/strong> \u00e9s visszacsatol\u00e1sos hat\u00e1s a kalcium- \u00e9s magn\u00e9ziumsz\u00fcks\u00e9gletre.<\/p>\n<p>A kalcium tov\u00e1bbi nagy ellens\u00e9gei a k\u00f6vetkez\u0151k: <strong>doh\u00e1ny, alkohol, koffein<\/strong>, de azt is <strong>\u00e9des\u00edtett limon\u00e1d\u00e9k<\/strong> foszforsavat tartalmaz\u00f3 (amelyet a bubor\u00e9kok kiszabadul\u00e1s\u00e1nak megakad\u00e1lyoz\u00e1s\u00e1ra adnak hozz\u00e1). Valamint s\u00f3, egyes alum\u00edniumot tartalmaz\u00f3 savlek\u00f6t\u0151k, <strong>testmozg\u00e1s hi\u00e1nya \u00e9s a napf\u00e9ny hi\u00e1nya<\/strong>.<\/p>\n<p>\u00c9s ahogy m\u00e1r eml\u00edtett\u00fck, azt is <strong>magn\u00e9ziumhi\u00e1ny<\/strong>mivel a magn\u00e9zium seg\u00edti a kalcium hasznosul\u00e1s\u00e1t a szervezet\u00fcnkben.<\/p>","protected":false},"excerpt":{"rendered":"<p>V\u00e1pn\u00edk spolu s dal\u0161\u00edmi pat\u0159\u00ed mezi l\u00e1tky pro n\u00e1\u0161 organismus nezbytn\u00e9. Pro\u010d tomu tak je? Co m\u016f\u017ee zp\u016fsobit nedostatek v\u00e1pn\u00edku a jak ho doplnit na\u0161emu t\u011blu zp\u011bt? Pro\u010d je pro n\u00e1s v\u00e1pn\u00edk d\u016fle\u017eit\u00fd? V\u00e1pn\u00edk m\u00e1 vliv p\u0159edev\u0161\u00edm na tvorbu a udr\u017eov\u00e1n\u00ed kost\u00ed a zub\u016f a jejich kvalitn\u00ed rozvoj. Krom\u011b toho ho ale pot\u0159ebujeme tak\u00e9 k [&hellip;]<\/p>\n","protected":false},"author":2,"featured_media":1394,"comment_status":"open","ping_status":"open","sticky":false,"template":"elementor_theme","format":"standard","meta":{"footnotes":""},"categories":[48],"tags":[],"class_list":["post-1392","post","type-post","status-publish","format-standard","has-post-thumbnail","hentry","category-zdravi"],"_links":{"self":[{"href":"https:\/\/www.linie4life.com\/hu\/wp-json\/wp\/v2\/posts\/1392","targetHints":{"allow":["GET"]}}],"collection":[{"href":"https:\/\/www.linie4life.com\/hu\/wp-json\/wp\/v2\/posts"}],"about":[{"href":"https:\/\/www.linie4life.com\/hu\/wp-json\/wp\/v2\/types\/post"}],"author":[{"embeddable":true,"href":"https:\/\/www.linie4life.com\/hu\/wp-json\/wp\/v2\/users\/2"}],"replies":[{"embeddable":true,"href":"https:\/\/www.linie4life.com\/hu\/wp-json\/wp\/v2\/comments?post=1392"}],"version-history":[{"count":4,"href":"https:\/\/www.linie4life.com\/hu\/wp-json\/wp\/v2\/posts\/1392\/revisions"}],"predecessor-version":[{"id":7103,"href":"https:\/\/www.linie4life.com\/hu\/wp-json\/wp\/v2\/posts\/1392\/revisions\/7103"}],"wp:featuredmedia":[{"embeddable":true,"href":"https:\/\/www.linie4life.com\/hu\/wp-json\/wp\/v2\/media\/1394"}],"wp:attachment":[{"href":"https:\/\/www.linie4life.com\/hu\/wp-json\/wp\/v2\/media?parent=1392"}],"wp:term":[{"taxonomy":"category","embeddable":true,"href":"https:\/\/www.linie4life.com\/hu\/wp-json\/wp\/v2\/categories?post=1392"},{"taxonomy":"post_tag","embeddable":true,"href":"https:\/\/www.linie4life.com\/hu\/wp-json\/wp\/v2\/tags?post=1392"}],"curies":[{"name":"munkaf\u00fczet","href":"https:\/\/api.w.org\/{rel}","templated":true}]}}