{"id":220,"date":"2021-09-22T11:17:57","date_gmt":"2021-09-22T11:17:57","guid":{"rendered":"https:\/\/linie4life.cz\/?p=220"},"modified":"2025-05-05T20:58:20","modified_gmt":"2025-05-05T18:58:20","slug":"etelek-az-egeszseges-borert-hogyan-befolyasolja-az-etrend-a-bor-szepseget","status":"publish","type":"post","link":"https:\/\/www.linie4life.com\/hu\/potraviny-pro-zdravou-plet-jak-strava-ovlivnuje-krasu-pokozky\/","title":{"rendered":"\u00c9telek az eg\u00e9szs\u00e9ges b\u0151r\u00e9rt: Hogyan befoly\u00e1solja az \u00e9trend a b\u0151r sz\u00e9ps\u00e9g\u00e9t?"},"content":{"rendered":"<h2><strong>Milyen \u00e9teleket fogyasszunk, hogy ragyog\u00f3 legyen a b\u0151r\u00fcnk?<\/strong><\/h2>\n<p>Nem titok, hogy amit megesz\u00fcnk, nemcsak az eg\u00e9szs\u00e9g\u00fcnkre, hanem a megjelen\u00e9s\u00fcnkre is hat\u00e1ssal van. \u00c9s ez hat\u00e1rozottan nem csak az alakunkra, a fogainkra vagy a hajunkra vonatkozik. Az \u00e1ltalunk fogyasztott \u00e9telek a b\u0151r\u00fcnkre is hat\u00e1ssal vannak. Sz\u00f3val milyen \u00e9teleket kell enn\u00fcnk, hogy b\u0151r\u00fcnk eg\u00e9szs\u00e9ges maradjon? <a href=\"https:\/\/www.linie4life.com\/hu\/e-shop\/kovafold-meregtelenites-fogyas-bor-kormok-haj\/?wmc-currency=HUF\" target=\"_blank\" rel=\"noopener\">a b\u0151r ragyogott<\/a>?<\/p>\n<h2><strong>Folyad\u00e9kok<\/strong><\/h2>\n<p><img fetchpriority=\"high\" decoding=\"async\" class=\"size-medium wp-image-1068 alignleft\" src=\"https:\/\/www.linie4life.com\/wp-content\/uploads\/2021\/09\/tri-lahve-barevnych-napoju-na-ruzovem-pozadi-bily-zluty-a-zeleny-s-brcky-v-elegantnim-usporadani.webp\" alt=\"\" width=\"300\" height=\"200\" title=\"\"> Mindenk\u00e9ppen az els\u0151 helyen \u00e1ll. <strong>v\u00edz<\/strong>Ahhoz, hogy a b\u0151r sz\u00e9p legyen, j\u00f3l kell hidrat\u00e1lni. \u00c9s nem csak k\u00edv\u00fclr\u0151l, k\u00fcl\u00f6nf\u00e9le hidrat\u00e1l\u00f3 kr\u00e9mekkel \u00e9s egy\u00e9b kozmetikai term\u00e9kekkel, hanem mindenekel\u0151tt bel\u00fclr\u0151l. Biztosan tudod, hogy elegend\u0151 folyad\u00e9kra van sz\u00fcks\u00e9g\u00fcnk az eg\u00e9szs\u00e9g\u00fcnkh\u00f6z \u00e9s a karcs\u00fa alakhoz. Most ne feledd, hogy a folyad\u00e9k, ide\u00e1lis esetben a tiszta v\u00edz, a sz\u00e9p \u00e9s eg\u00e9szs\u00e9ges b\u0151rh\u00f6z is sz\u00fcks\u00e9ges.<br \/>\nEgy m\u00e1sik megfelel\u0151 folyad\u00e9k<strong> z\u00f6ld tea<\/strong>Nemcsak lass\u00edtja a b\u0151r \u00f6reged\u00e9s\u00e9t, hanem megv\u00e9di azt a k\u00fcl\u00f6nf\u00e9le k\u00fcls\u0151 t\u00e9nyez\u0151k, p\u00e9ld\u00e1ul a napf\u00e9ny okozta k\u00e1rosod\u00e1sokt\u00f3l is.<br \/>\nHat\u00e1rozottan a b\u0151rnedvekb\u0151l <strong>Az alkohol \u00e9s a k\u00e1v\u00e9 nem j\u00f3t\u00e9kony hat\u00e1s\u00fa<\/strong> \u00e9s italok (vagy \u00e9telek), amelyek tartalmazz\u00e1k<strong> finom\u00edtott cukor.<\/strong><\/p>\n<h2><\/h2>\n<h2><strong>Gy\u00fcm\u00f6lcs<\/strong><\/h2>\n<p><img decoding=\"async\" class=\"size-medium wp-image-1076 alignright\" src=\"https:\/\/www.linie4life.com\/wp-content\/uploads\/2021\/09\/barevna-smes-exotickeho-ovoce-na-tacu-ananas-kiwi-pomeranc-jahody-maliny-a-dalsi-zdrave-obcerstveni.webp\" alt=\"\" width=\"300\" height=\"200\" title=\"\">A gy\u00fcm\u00f6lcs\u00f6k \u00e1ltal\u00e1ban sok vitamint tartalmaznak, \u00e9s az ev\u00e9s\u00fckkel biztosan nem \u00e1rtasz semminek. Felt\u00e9ve, hogy nem vagy allergi\u00e1s egyik t\u00edpusra sem. Azonban bizonyos gy\u00fcm\u00f6lcsfajt\u00e1kkal t\u00e1mogathatod a b\u0151r\u00f6d sz\u00e9p megjelen\u00e9s\u00e9t.<\/p>\n<h2><\/h2>\n<h2><\/h2>\n<h2><\/h2>\n<h2><strong>Avok\u00e1d\u00f3<\/strong><\/h2>\n<p><img decoding=\"async\" class=\"size-medium wp-image-1070 alignleft\" src=\"https:\/\/www.linie4life.com\/wp-content\/uploads\/2021\/09\/cerstve-nakrojene-avokado-v-rukou-odstranena-pecka-hladka-textura-a-zive-zelene-barvy-idealni-pro-salaty.webp\" alt=\"\" width=\"300\" height=\"200\" title=\"\">Az avok\u00e1d\u00f3 egy szinte csod\u00e1latos gy\u00fcm\u00f6lcs, tele eg\u00e9szs\u00e9g\u00fcnkre j\u00f3t\u00e9kony hat\u00e1ssal b\u00edr\u00f3 t\u00e1panyagokkal.<br \/>\nA b\u0151r\u00f6d k\u00fcl\u00f6n\u00f6sen h\u00e1l\u00e1s lesz a magas tartalom\u00e9rt<strong> &quot;j\u00f3&quot; zs\u00edrok<\/strong>ami hidrat\u00e1ltt\u00e1 \u00e9s rugalmass\u00e1 teszi.<br \/>\nDe ez m\u00e9g nem minden. Az avok\u00e1d\u00f3 nagyszer\u0171 forr\u00e1sa a k\u00f6vetkez\u0151knek: <strong>C-vitamin<\/strong>, ami elengedhetetlen a kollag\u00e9ntermel\u00e9shez. V\u00e9di a b\u0151rt a napt\u00f3l \u00e9s lass\u00edtja az \u00f6reged\u00e9s\u00e9t. A C-vitamin hi\u00e1nya sz\u00e1raz \u00e9s \u00e9rdes b\u0151rt, s\u0151t gyakori v\u00e9ral\u00e1fut\u00e1sokat is eredm\u00e9nyez.<br \/>\n<strong>E-vitamin<\/strong>, melyeket az avok\u00e1d\u00f3 is tartalmaz, seg\u00edtenek lelass\u00edtani a b\u0151r \u00f6reged\u00e9s\u00e9nek jeleit, p\u00e9ld\u00e1ul a r\u00e1ncokat \u00e9s a b\u0151r megereszked\u00e9s\u00e9t. T\u00f6k\u00e9letesen kieg\u00e9sz\u00edtik a C-vitamint.<br \/>\nEzenk\u00edv\u00fcl az avok\u00e1d\u00f3 seg\u00edt az \u00f6sszes vitamin, \u00e1sv\u00e1nyi anyag \u00e9s antioxid\u00e1ns meg\u0151rz\u00e9s\u00e9ben.<strong> jobban felsz\u00edv\u00f3dik<\/strong>A szervezet \u00edgy sokkal t\u00f6bbet hasznos\u00edt bel\u0151l\u00fck, \u00e9s sokkal kevesebbet v\u00e1laszt ki, mint fogyaszt\u00e1suk m\u00e1s eseteiben.<\/p>\n<h2><\/h2>\n<h2><strong>V\u00f6r\u00f6s sz\u0151l\u0151<\/strong><\/h2>\n<p><img loading=\"lazy\" decoding=\"async\" class=\"size-medium wp-image-1071 alignright\" src=\"https:\/\/www.linie4life.com\/wp-content\/uploads\/2021\/09\/cerstve-cervene-hrozny-na-prkenku-a-uterce-detailni-zaber-s-texturou-povrchu-a-kapkami-vody-prirodni-osvetleni.webp\" alt=\"\" width=\"300\" height=\"200\" title=\"\">A v\u00f6r\u00f6s sz\u0151l\u0151 h\u00e9ja szempontj\u00e1b\u00f3l legfontosabb \u00f6sszetev\u0151je az \u00fan. <strong>resverantrol<\/strong>, ami t\u00f6bbek k\u00f6z\u00f6tt lass\u00edthatja az \u00f6reged\u00e9st. Ez az \u00f6sszetev\u0151 kifejezetten a h\u00e1mlaszt\u00e1sokban tal\u00e1lhat\u00f3 meg. Teh\u00e1t azonnal megv\u00e1laszoljuk a k\u00e9rd\u00e9st, ami val\u00f3sz\u00edn\u0171leg eszedbe jut: Igen, a k\u00f6vetkez\u0151kben is megtal\u00e1lhat\u00f3 <strong>v\u00f6r\u00f6sbor<\/strong> italk\u00e9nt. A bor fokozott fogyaszt\u00e1s\u00e1val azonban az alkohol negat\u00edv hat\u00e1sai meghaladj\u00e1k a resverantrol pozit\u00edv hat\u00e1sait. Ez\u00e9rt jobb, ha a sz\u0151l\u0151t friss form\u00e1j\u00e1ban fogyasztjuk, \u00e9s ha szeretj\u00fck a bort, csak alkalmank\u00e9nt fogyasszuk.<\/p>\n<h2><\/h2>\n<h2><strong>Bogy\u00f3k<\/strong><\/h2>\n<p><img loading=\"lazy\" decoding=\"async\" class=\"size-medium wp-image-1072 alignleft\" src=\"https:\/\/www.linie4life.com\/wp-content\/uploads\/2021\/09\/cerstve-jahody-maliny-a-boruvky-v-otevrene-sklenici-na-drevenem-stole-zdrave-letni-ovoce-plne-vitaminu.webp\" alt=\"\" width=\"300\" height=\"200\" title=\"\">A bogy\u00f3k gazdagok a k\u00f6vetkez\u0151kben is: <strong>C-vitamin<\/strong>, ak\u00e1rcsak az avok\u00e1d\u00f3. Teh\u00e1t m\u00e9g<strong> eper, szeder, m\u00e1lna, \u00e1fonya<\/strong> \u00e9s m\u00e1sok seg\u00edtenek lelass\u00edtani a b\u0151r \u00f6reged\u00e9s\u00e9t \u00e9s megel\u0151zni a korai r\u00e1ncokat.<\/p>\n<h2><\/h2>\n<h2><\/h2>\n<h2><\/h2>\n<h2><strong>Ol\u00edvaolaj<\/strong><\/h2>\n<p><img loading=\"lazy\" decoding=\"async\" class=\"size-medium wp-image-1073 alignright\" src=\"https:\/\/www.linie4life.com\/wp-content\/uploads\/2021\/09\/lahve-olivoveho-oleje-a-misa-oliv-na-drevenem-stole-obklopeny-olivovymi-listy-a-vetvemi-idealni-pro-gurmany.webp\" alt=\"\" width=\"300\" height=\"200\" title=\"\">Meglep\u0151dhetsz, de az ol\u00edvaolaj a b\u0151r\u00fcnk eg\u00e9szs\u00e9ges megjelen\u00e9s\u00e9hez is nagyon fontos. Tartalmaz <strong>egyszeresen tel\u00edtetlen zs\u00edrsavak<\/strong>Nekik k\u00f6sz\u00f6nhetj\u00fck a fiatalabb kin\u00e9zet\u0171 b\u0151rt. Emellett sok benne a <strong>antioxid\u00e1nsok<\/strong>amelyek elpuszt\u00edtj\u00e1k a szabad gy\u00f6k\u00f6ket.<\/p>\n<h2><\/h2>\n<h2><\/h2>\n<h2><strong>Hal<\/strong><\/h2>\n<p><img loading=\"lazy\" decoding=\"async\" class=\"size-medium wp-image-1074 alignleft\" src=\"https:\/\/www.linie4life.com\/wp-content\/uploads\/2021\/09\/pecena-ryba-dorada-s-platky-citronu-a-opecenymi-bramborami-podavana-s-paprikou-na-bilem-taliri.webp\" alt=\"\" width=\"300\" height=\"200\" title=\"\">A b\u0151r sz\u00e1m\u00e1ra egy m\u00e1sik fontos t\u00e1panyag a hal. Pontosabban, <strong>zs\u00edros hal<\/strong>, p\u00e9ld\u00e1ul <strong>lazac<\/strong> vagy <strong>makr\u00e9la<\/strong>Nagy mennyis\u00e9g\u0171 <strong>omega-3 zs\u00edrsavak<\/strong>, amelyek seg\u00edtenek hidrat\u00e1ltan \u00e9s eg\u00e9szs\u00e9gesen tartani a b\u0151rt. Ezenk\u00edv\u00fcl cs\u00f6kkentik a b\u0151rp\u00edrt \u00e9s seg\u00edtenek a pattan\u00e1sok elleni k\u00fczdelemben. Hi\u00e1nyuk gyakran sz\u00e1raz b\u0151rben nyilv\u00e1nul meg.<br \/>\nAz omega-3 zs\u00edrsavak mellett ezek a halak m\u00e9g <strong>cink<\/strong>, ami seg\u00edti az \u00faj b\u0151rsejtek termel\u0151d\u00e9s\u00e9t. Hi\u00e1nya k\u00fcl\u00f6nf\u00e9le b\u0151rprobl\u00e9m\u00e1khoz, de a sebgy\u00f3gyul\u00e1s zavar\u00e1hoz is vezet.<br \/>\nTov\u00e1bb\u00e1 a halak is tartalmazz\u00e1k a m\u00e1r eml\u00edtett <strong>E-vitamin<\/strong>ami lass\u00edtja a b\u0151r \u00f6reged\u00e9s\u00e9t.<\/p>\n<h2><\/h2>\n<h2><strong>Forr\u00f3 csokol\u00e1d\u00e9<\/strong><\/h2>\n<p><img loading=\"lazy\" decoding=\"async\" class=\"size-medium wp-image-1075 alignright\" src=\"https:\/\/www.linie4life.com\/wp-content\/uploads\/2021\/09\/tmava-cokolada-na-modrem-taliri-obklopena-kakaovymi-boby-na-modrem-pozadi-idealni-pro-milovniky-cokolady.webp\" alt=\"\" width=\"300\" height=\"200\" title=\"\">Igen, j\u00f3l olvastad. Csokol\u00e1d\u00e9. De vigy\u00e1zz, \u00e9tcsokol\u00e1d\u00e9! Sok bel\u0151le. <strong>magas kaka\u00f3tartalom<\/strong>Az antioxid\u00e1nsokban gazdag csokol\u00e1d\u00e9 seg\u00edti a b\u0151rsejtek regener\u00e1l\u00f3d\u00e1s\u00e1t. Emellett sz\u00e1mos eg\u00e9szs\u00e9g\u00fcgyi el\u0151nnyel is rendelkezik. R\u00e1ad\u00e1sul, mint ismeretes, a csokol\u00e1d\u00e9 jav\u00edtja a hangulatot, ami el\u0171zi a stresszt, ami persze a sz\u00e9p b\u0151rnek sem tesz j\u00f3t.<\/p>","protected":false},"excerpt":{"rendered":"<p>Jak\u00e9 potraviny j\u00edst, aby na\u0161e ple\u0165 z\u00e1\u0159ila? Nen\u00ed \u017e\u00e1dn\u00fdm tajemstv\u00edm, \u017ee to, co j\u00edme, se pak odr\u00e1\u017e\u00ed nejen na na\u0161em zdrav\u00ed, ale i na na\u0161em vzhledu. A rozhodn\u011b nejde jen o postavu, zuby \u010di vlasy. Potraviny, kter\u00e9 konzumujeme, maj\u00ed vliv i na na\u0161i ple\u0165. Jak\u00e9 potraviny bychom tedy m\u011bli j\u00edst, aby na\u0161e ple\u0165 z\u00e1\u0159ila? Tekutiny [&hellip;]<\/p>\n","protected":false},"author":2,"featured_media":703,"comment_status":"open","ping_status":"open","sticky":false,"template":"","format":"standard","meta":{"footnotes":""},"categories":[49],"tags":[],"class_list":["post-220","post","type-post","status-publish","format-standard","has-post-thumbnail","hentry","category-zeny"],"_links":{"self":[{"href":"https:\/\/www.linie4life.com\/hu\/wp-json\/wp\/v2\/posts\/220","targetHints":{"allow":["GET"]}}],"collection":[{"href":"https:\/\/www.linie4life.com\/hu\/wp-json\/wp\/v2\/posts"}],"about":[{"href":"https:\/\/www.linie4life.com\/hu\/wp-json\/wp\/v2\/types\/post"}],"author":[{"embeddable":true,"href":"https:\/\/www.linie4life.com\/hu\/wp-json\/wp\/v2\/users\/2"}],"replies":[{"embeddable":true,"href":"https:\/\/www.linie4life.com\/hu\/wp-json\/wp\/v2\/comments?post=220"}],"version-history":[{"count":4,"href":"https:\/\/www.linie4life.com\/hu\/wp-json\/wp\/v2\/posts\/220\/revisions"}],"predecessor-version":[{"id":7116,"href":"https:\/\/www.linie4life.com\/hu\/wp-json\/wp\/v2\/posts\/220\/revisions\/7116"}],"wp:featuredmedia":[{"embeddable":true,"href":"https:\/\/www.linie4life.com\/hu\/wp-json\/wp\/v2\/media\/703"}],"wp:attachment":[{"href":"https:\/\/www.linie4life.com\/hu\/wp-json\/wp\/v2\/media?parent=220"}],"wp:term":[{"taxonomy":"category","embeddable":true,"href":"https:\/\/www.linie4life.com\/hu\/wp-json\/wp\/v2\/categories?post=220"},{"taxonomy":"post_tag","embeddable":true,"href":"https:\/\/www.linie4life.com\/hu\/wp-json\/wp\/v2\/tags?post=220"}],"curies":[{"name":"munkaf\u00fczet","href":"https:\/\/api.w.org\/{rel}","templated":true}]}}