{"id":974,"date":"2021-11-10T09:18:16","date_gmt":"2021-11-10T09:18:16","guid":{"rendered":"https:\/\/linie4life.cz\/?p=974"},"modified":"2025-05-05T20:58:16","modified_gmt":"2025-05-05T18:58:16","slug":"menopauza-hogyan-birkozzon-meg-a-hormonalis-valtozasokkal-es-eljen-teljes-eletet","status":"publish","type":"post","link":"https:\/\/www.linie4life.com\/hu\/menopauza-jak-zvladnout-hormonalni-zmeny-a-zit-naplno\/","title":{"rendered":"Menopauza: Hogyan kezelj\u00fck a hormon\u00e1lis v\u00e1ltoz\u00e1sokat \u00e9s \u00e9lj\u00fcnk teljes \u00e9letet?"},"content":{"rendered":"<p>Egy n\u0151 \u00e9let\u00e9ben sz\u00e1mos fordul\u00f3pont van. Kezd\u0151dik a fizikai fejl\u0151d\u00e9ssel, a mell n\u00f6veked\u00e9s\u00e9vel, a k\u00fcl\u00f6nf\u00e9le hormon\u00e1lis v\u00e1ltoz\u00e1sokkal, \u00e9s a k\u00e9pzeletbeli fordul\u00f3pont a menstru\u00e1ci\u00f3 \u00e9rkez\u00e9se. Ezt k\u00f6veti a terhess\u00e9g, a sz\u00fcl\u00e9s, majd a ciklus meg\u00fajul\u00e1sa. \u00c9s egy m\u00e1sik hatalmas k\u00e9pzeletbeli korl\u00e1t a menopauza. Mi\u00e9rt f\u00e9lnek sok n\u0151 az \u00e9rkez\u00e9s\u00e9t\u0151l? Teljesen felesleges. Az \u00e9let minden id\u0151szak\u00e1t alaposan ki kell \u00e9lvezni!<\/p>\n<h1>Mi is pontosan a menopauza?<\/h1>\n<p><img fetchpriority=\"high\" decoding=\"async\" class=\"size-medium wp-image-977 alignleft\" src=\"https:\/\/www.linie4life.com\/wp-content\/uploads\/2021\/11\/zena-se-snazi-ochladit-ventilatorem-behem-horkeho-dne-kdyz-trpi-navaly-horka-priznaky-menopauzy-a-reseni.webp\" alt=\"\" width=\"300\" height=\"200\" title=\"\"><\/p>\n<p><strong>V\u00e1ltoz\u00e1s kora<\/strong> term\u00e9szetes \u00e1llapot a n\u0151 \u00e9let\u00e9ben. A petef\u00e9szekm\u0171k\u00f6d\u00e9s elnyom\u00e1sa k\u00f6vetkezt\u00e9ben cs\u00f6kken az \u00f6sztrog\u00e9n \u00e9s a progeszteron termel\u00e9se, \u00e9s a menstru\u00e1ci\u00f3s ciklus le\u00e1ll. A n\u0151 m\u00e1r nem k\u00e9pes term\u00e9szetes \u00faton teherbe esni.<\/p>\n<p>A menopauz\u00e1t egy hosszabb folyamat el\u0151zi meg, az \u00fan. <strong>menopauza vagy menopauza<\/strong>E folyamat sor\u00e1n a fent eml\u00edtett hormonok szintje fokozatosan cs\u00f6kken. A n\u0151 rendszeresen megsz\u0171nik menstru\u00e1lni, m\u00edg a menopauza idej\u00e9n teljesen megsz\u0171nik.<\/p>\n<p>A menopauza \u00e1ltal\u00e1ban 50 \u00e9ves kor k\u00f6r\u00fcl jelentkezik n\u0151kn\u00e9l. Azonban m\u00e1r 40 \u00e9ves korban, vagy ak\u00e1r 60 \u00e9ves korban is jelentkezhet. Bek\u00f6sz\u00f6nte azonban m\u00e1s, fizikai \u00e9s pszichol\u00f3giai \u00e1llapotokkal \u00e9s probl\u00e9m\u00e1kkal is \u00f6sszef\u00fcgg\u00e9sben \u00e1llhat. A leggyakoribbak a h\u0151hull\u00e1mok, a sz\u00edvdobog\u00e1s, az \u00e1lmatlans\u00e1g, az ingerl\u00e9kenys\u00e9g \u00e9s a libid\u00f3cs\u00f6kken\u00e9s, de el\u0151fordulhat m\u00e9g... <strong><a href=\"https:\/\/www.linie4life.com\/hu\/e-shop\/termeszetes-kiegeszito-a-fogyashoz-es-a-hangulathoz-feldob-zold\/?wmc-currency=HUF\" target=\"_blank\" rel=\"noopener\">depresszi\u00f3<\/a><\/strong>.<\/p>\n<h1>A kor csak egy sz\u00e1m<\/h1>\n<p>Sok modern n\u0151 \u00fagy gondolja, hogy a kor csak sz\u00e1m, \u00e9s <strong>Az \u00e9letet teljes m\u00e9rt\u00e9kben ki kell \u00e9lvezni.<\/strong> \u00e9s mindenben keress valami pozit\u00edvat.<\/p>\n<p>Gy\u00f6ny\u00f6r\u0171 \u00e9s mindenk\u00e9ppen dics\u00e9retes. Fontos azonban megjegyezni, hogy bizonyos folyamatok megv\u00e1ltoznak a szervezetben, \u00e9s a menopauza nem csak a menstru\u00e1ci\u00f3 elmarad\u00e1s\u00e1t jelenti. Ez\u00e9rt sz\u00fcks\u00e9ges <strong>Lass\u00edtson<\/strong> a <strong>\u00e9letm\u00f3dv\u00e1lt\u00e1s<\/strong>Az eg\u00e9szs\u00e9g\u00fcnk meg\u0151rz\u00e9s\u00e9nek kell az els\u0151 helyen \u00e1llnia. Term\u00e9szetesen van egy bizonyos... <strong>az \u00e9tkez\u00e9si szok\u00e1sok korrekci\u00f3ja<\/strong> \u00e9s annak is mindenk\u00e9ppen ide kellene tartoznia <strong>rendszeres, megfelel\u0151 testmozg\u00e1s<\/strong>.<\/p>\n<h1>Hogyan \u00e9tkezz\u00fcnk 50 felett?<\/h1>\n<p>Az \u00e9tlapnak elegend\u0151 mennyis\u00e9g\u0171 \u00e9telt kell tartalmaznia <strong>rost, feh\u00e9rje \u00e9s omega-3 tel\u00edtetlen zs\u00edrsavak.<\/strong> \u00c9s persze rengeteg <strong>folyad\u00e9kok<\/strong>.<\/p>\n<p>\u00c9trend\u00fcnk \u00e1talak\u00edt\u00e1s\u00e1val el\u00e9rhetj\u00fck, hogy <a href=\"https:\/\/www.linie4life.com\/hu\/e-shop\/poundloser-termeszetes-fogyokuras-kiegeszito\/?wmc-currency=HUF\" target=\"_blank\" rel=\"noopener\"><strong>az energiabevitel cs\u00f6kkent\u00e9se<\/strong><\/a>Azonban nem sz\u00fcks\u00e9ges azonnal teljesen \u00fajracsin\u00e1lni. \u00c1ltal\u00e1ban el\u00e9g <strong>cs\u00f6kkentsd az adagokat \u00e9s adj hozz\u00e1 z\u00f6lds\u00e9geket,<\/strong> szal\u00e1mihelyettes\u00edt\u0151 <strong>min\u0151s\u00e9gi sonka<\/strong> \u00e9s b\u00fazakeny\u00e9r hozz\u00e1 <strong>rozs<\/strong>Ker\u00fcld az \u00e9dess\u00e9geket, a t\u00fal s\u00f3s \u00e9s zs\u00edros \u00e9teleket.<\/p>\n<h1>Mozg\u00e1sban maradj!<\/h1>\n<p><img decoding=\"async\" class=\"size-medium wp-image-978 alignright\" src=\"https:\/\/www.linie4life.com\/wp-content\/uploads\/2021\/11\/zena-cvici-vypady-s-cinkami-u-okna-s-vyhledem-na-zahradu-aktivni-zivotni-styl-a-cviceni-doma.webp\" alt=\"\" width=\"300\" height=\"200\" title=\"\"><\/p>\n<p>Az \u00e9letkor n\u00f6veked\u00e9s\u00e9vel az is <strong>megv\u00e1ltoztatja a csontszerkezetet<\/strong>\u00d6sszess\u00e9g\u00e9ben te <strong>t\u00f6r\u00e9keny \u00e9s v\u00e9kony<\/strong> \u00e9s ez\u00e9rt ell\u00e1tniuk kell <strong>kalcium, <a href=\"https:\/\/www.linie4life.com\/hu\/e-shop\/napfeny-d3-vitamin-spray-ben-2000-ne\/?wmc-currency=HUF\">D-vitamin<\/a> \u00e9s m\u00e1sok <a href=\"https:\/\/www.linie4life.com\/hu\/e-shop\/termeszetes-asvanyianyag-kiegeszito-mitracell\/?wmc-currency=HUF\" target=\"_blank\" rel=\"noopener\">vitaminok \u00e9s \u00e1sv\u00e1nyi anyagok<\/a><\/strong>.<\/p>\n<p>J\u00f3t tesz egy n\u0151nek a menopauza ut\u00e1n <strong>megl\u00e1togatta az orvost<\/strong>aki ellen\u0151rzi a csontjai \u00e1llapot\u00e1t, \u00e9s ha sz\u00fcks\u00e9ges, seg\u00edt meg\u00e1ll\u00edtani azok elv\u00e9konyod\u00e1s\u00e1t.<\/p>\n<p><strong>Rendszeres testmozg\u00e1s<\/strong> Seg\u00edt megel\u0151zni a csontritkul\u00e1st, de er\u0151s\u00edti az izmokat is, ami azt\u00e1n jobb t\u00e1maszt ny\u00fajt a csontoknak \u00e9s \u00edz\u00fcleteknek.<\/p>\n<p>Minden mindennel \u00f6sszef\u00fcgg. Ahhoz, hogy k\u00e9s\u0151bb is form\u00e1ban maradjunk \u00e9s f\u00e1jdalommentesek legy\u00fcnk, megfelel\u0151en t\u00e1pl\u00e1lt csontokkal \u00e9s \u00edz\u00fcletekkel kell rendelkezn\u00fcnk. Ahhoz pedig, hogy az \u00edz\u00fcletek \u00e9s csontok ne f\u00e1jjanak a gyenge izmok miatt, rendszeresen kell mozogni.<\/p>\n<p>Ezenk\u00edv\u00fcl, mint ismeretes, testmozg\u00e1s k\u00f6zben a szervezet termel <strong>endorfinok<\/strong>, m\u00e1s n\u00e9ven boldogs\u00e1ghormonok. Hat\u00e1ssal vannak a pszichol\u00f3giai j\u00f3l\u00e9t\u00fcnkre, boldogs\u00e1g\u00e9rzetet \u00e9s j\u00f3 hangulatot hoznak. \u00c9s ez mindig hasznos.<\/p>\n<p>De ha nem szokt\u00e1l sokat mozogni, kezdj el <strong>gondosan<\/strong> \u00e9s ide\u00e1lis esetben az ir\u00e1ny\u00edt\u00e1sa alatt <strong>tapasztalt edz\u0151<\/strong>.<\/p>\n<p>A legmegfelel\u0151bb fizikai tev\u00e9kenys\u00e9gek k\u00f6z\u00e9 tartoznak p\u00e9ld\u00e1ul:<\/p>\n<ul>\n<li>gyors j\u00e1r\u00e1s,<\/li>\n<li>fut,<\/li>\n<li>\u00fasz\u00e1s,<\/li>\n<li>s\u00edfut\u00e1s,<\/li>\n<li>ker\u00e9kp\u00e1roz\u00e1s.<\/li>\n<\/ul>\n<h1>Hogyan kezelj\u00fck a menopauza ut\u00e1n fell\u00e9p\u0151 eg\u00e9szs\u00e9g\u00fcgyi probl\u00e9m\u00e1kat?<\/h1>\n<p><img decoding=\"async\" class=\"size-medium wp-image-979 alignleft\" src=\"https:\/\/www.linie4life.com\/wp-content\/uploads\/2021\/11\/lekar-konzultuje-plan-lecby-s-pacientkou-oba-se-usmivaji-komunikace-ve-zdravotnictvi-pece-o-seniory.webp\" alt=\"\" width=\"300\" height=\"200\" title=\"\"><\/p>\n<p>A menopauza ut\u00e1n k\u00fcl\u00f6nf\u00e9le t\u00fcnetek jelentkeznek <strong>eg\u00e9szs\u00e9g\u00fcgyi probl\u00e9m\u00e1k<\/strong>De minden megoldhat\u00f3. F\u0151leg, ha id\u0151ben elkezded. A l\u00e9nyeg az, hogy <strong>nem szabad sz\u00e9gyellned magad<\/strong> besz\u00e9lj az orvosoddal a probl\u00e9m\u00e1r\u00f3l.<\/p>\n<p>Sok n\u0151t zavarhat <strong><a href=\"https:\/\/www.linie4life.com\/hu\/e-shop\/az-elet-fenye-anti-aging-lassitja-az-oregedest\/?wmc-currency=HUF\" target=\"_blank\" rel=\"noopener\">sz\u00e1raz b\u0151r \u00e9s gyorsabb r\u00e1nck\u00e9pz\u0151d\u00e9s<\/a><\/strong>Ez szint\u00e9n az \u00f6sztrog\u00e9nszint cs\u00f6kken\u00e9s\u00e9nek k\u00f6sz\u00f6nhet\u0151. De a n\u0151ket az is zavarja, hogy <a href=\"https:\/\/www.linie4life.com\/hu\/e-shop\/sziv-egeszseges-termeszetes-modon-hearttool\/?wmc-currency=HUF\" target=\"_blank\" rel=\"noopener\"><strong>magas v\u00e9rnyom\u00e1s<\/strong><\/a>, de p\u00e9ld\u00e1ul azt is <a href=\"https:\/\/www.linie4life.com\/hu\/e-shop\/pelvictool-termeszetes-megoldas-vizeletszivargasra\/?wmc-currency=HUF\" target=\"_blank\" rel=\"noopener\"><strong>inkontinencia<\/strong><\/a>Ha nem hagyjuk, hogy ez a probl\u00e9ma t\u00fal messzire fajuljon, akkor az megoldhat\u00f3. <strong>sikeresen megoldani<\/strong>.<\/p>\n<p>On <strong>h\u00fcvelysz\u00e1razs\u00e1g<\/strong> a hormonhi\u00e1ny okozza, sz\u00e1mos <strong>hormon\u00e1lis ken\u0151cs\u00f6k<\/strong>Hasonl\u00f3k\u00e9ppen a fenntart\u00e1s vagy helyre\u00e1ll\u00edt\u00e1s \u00e9rdek\u00e9ben <strong>libid\u00f3<\/strong> Sz\u00e1mos \u00e9trend-kieg\u00e9sz\u00edt\u0151 kaphat\u00f3 a piacon. V\u00e9g\u00fcl is, m\u00e9g a menopauza ut\u00e1n is, a n\u0151k... <a href=\"https:\/\/www.linie4life.com\/hu\/e-shop\/7-mennyorszag-a-nok-szerelmi-elmenyenek-fokozasara\/?wmc-currency=HUF\" target=\"_blank\" rel=\"noopener\"><strong>\u00e9lvezni az intim \u00e9letet<\/strong><\/a>, m\u00e9g a teherbees\u00e9st\u0151l val\u00f3 f\u00e9lelem n\u00e9lk\u00fcl is.<\/p>","protected":false},"excerpt":{"rendered":"<p>V \u017eivot\u011b \u017eeny je hned n\u011bkolik zlomov\u00fdch obdob\u00ed. Za\u010d\u00edn\u00e1 to fyzick\u00fdm v\u00fdvojem, r\u016fstem prsou, r\u016fzn\u00fdmi hormon\u00e1ln\u00edmi zm\u011bnami, p\u0159i\u010dem\u017e tou pomyslnou zlomovou hranic\u00ed je p\u0159\u00edchod menstruace. N\u00e1sleduj\u00ed t\u011bhotenstv\u00ed, porody, obnovov\u00e1n\u00ed cyklu. A dal\u0161\u00ed obrovskou pomyslnou hranic\u00ed je menopauza. Pro\u010d se mnoh\u00e9 \u017eeny jej\u00edho p\u0159\u00edchodu ob\u00e1vaj\u00ed? Je to naprosto zbyte\u010dn\u00e9. Ka\u017ed\u00e9 obdob\u00ed \u017eivota je pot\u0159eba si po\u0159\u00e1dn\u011b [&hellip;]<\/p>\n","protected":false},"author":2,"featured_media":976,"comment_status":"open","ping_status":"open","sticky":false,"template":"","format":"standard","meta":{"footnotes":""},"categories":[48,49],"tags":[],"class_list":["post-974","post","type-post","status-publish","format-standard","has-post-thumbnail","hentry","category-zdravi","category-zeny"],"_links":{"self":[{"href":"https:\/\/www.linie4life.com\/hu\/wp-json\/wp\/v2\/posts\/974","targetHints":{"allow":["GET"]}}],"collection":[{"href":"https:\/\/www.linie4life.com\/hu\/wp-json\/wp\/v2\/posts"}],"about":[{"href":"https:\/\/www.linie4life.com\/hu\/wp-json\/wp\/v2\/types\/post"}],"author":[{"embeddable":true,"href":"https:\/\/www.linie4life.com\/hu\/wp-json\/wp\/v2\/users\/2"}],"replies":[{"embeddable":true,"href":"https:\/\/www.linie4life.com\/hu\/wp-json\/wp\/v2\/comments?post=974"}],"version-history":[{"count":4,"href":"https:\/\/www.linie4life.com\/hu\/wp-json\/wp\/v2\/posts\/974\/revisions"}],"predecessor-version":[{"id":7110,"href":"https:\/\/www.linie4life.com\/hu\/wp-json\/wp\/v2\/posts\/974\/revisions\/7110"}],"wp:featuredmedia":[{"embeddable":true,"href":"https:\/\/www.linie4life.com\/hu\/wp-json\/wp\/v2\/media\/976"}],"wp:attachment":[{"href":"https:\/\/www.linie4life.com\/hu\/wp-json\/wp\/v2\/media?parent=974"}],"wp:term":[{"taxonomy":"category","embeddable":true,"href":"https:\/\/www.linie4life.com\/hu\/wp-json\/wp\/v2\/categories?post=974"},{"taxonomy":"post_tag","embeddable":true,"href":"https:\/\/www.linie4life.com\/hu\/wp-json\/wp\/v2\/tags?post=974"}],"curies":[{"name":"munkaf\u00fczet","href":"https:\/\/api.w.org\/{rel}","templated":true}]}}