{"id":1320,"date":"2021-12-16T15:46:16","date_gmt":"2021-12-16T15:46:16","guid":{"rendered":"https:\/\/linie4life.cz\/?p=1320"},"modified":"2025-05-05T20:58:13","modified_gmt":"2025-05-05T18:58:13","slug":"probiotika-pri-antibiotikach","status":"publish","type":"post","link":"https:\/\/www.linie4life.com\/sk\/probiotika-pri-antibiotikach\/","title":{"rendered":"Probiotik\u00e1 pri antibiotik\u00e1ch? \u00c1no - ale len ak vie\u0161, ako ich spr\u00e1vne bra\u0165 (a pre\u010do je to v\u00f4bec d\u00f4le\u017eit\u00e9)"},"content":{"rendered":"<p>Iste viete, \u017ee akon\u00e1hle beriete antibiotik\u00e1, v\u017edy v\u00e1m lek\u00e1r odporu\u010d\u00ed bra\u0165 aj probiotik\u00e1. Av\u0161ak nielen vtedy s\u00fa probiotik\u00e1 vhodn\u00e9. Kedy e\u0161te s\u00fa n\u00e1\u0161mu telu prospe\u0161n\u00e9 a pre\u010do?<\/p>\n<h2><\/h2>\n<h2>Ako probiotik\u00e1 pom\u00e1haj\u00fa pri bran\u00ed antibiot\u00edk<\/h2>\n<p><img fetchpriority=\"high\" decoding=\"async\" class=\"size-medium wp-image-1322 alignleft\" src=\"https:\/\/www.linie4life.com\/wp-content\/uploads\/2021\/12\/modra-plastelina-ve-tvaru-strev-obklopena-bilymi-pilulkami-na-modrem-podkladu-symbol-zdravi-traviciho-systemu.webp\" alt=\"\" width=\"300\" height=\"200\" title=\"\">Zamysleli ste sa niekedy nad t\u00fdmi pojmy \u2013 antibiotik\u00e1 vs. Pro-biotik\u00e1?<\/p>\n<p>Biotic znamen\u00e1 \u201e\u017eivot\u201c. Predpony \u201epre\u201c a \u201eanti\u201c vysvet\u013eova\u0165 nie je asi potrebn\u00e9.<\/p>\n<p><strong>Antibiotik\u00e1<\/strong> sa pou\u017e\u00edvaj\u00fa na lie\u010dbu z\u00e1palov\u00fdch ochoren\u00ed. <strong>Ni\u010d\u00ed teda bakt\u00e9rie<\/strong>. Bohu\u017eia\u013e nevie rozl\u00ed\u0161i\u0165 medzi dobr\u00fdmi a zl\u00fdmi bakt\u00e9riami, a preto ni\u010d\u00ed \u010dasto aj tie dobr\u00e9, ktor\u00e9 potrebujeme pre na\u0161e zdravie a <strong>funk\u010dn\u00fd imunitn\u00fd syst\u00e9m<\/strong>.<\/p>\n<p>Naopak <a href=\"https:\/\/www.linie4life.com\/sk\/obchod\/proveotic-veganske-probiotika-bez-mlieka-120-kapsul\/?wmc-currency=EUR\" target=\"_blank\" rel=\"noopener\"><strong>probiotik\u00e1<\/strong><\/a> s\u00fa \u017eiv\u00e9 organizmy. <strong>udr\u017eiava\u0165<\/strong> dobr\u00e9 a zl\u00e9 bakt\u00e9rie v tele <strong>v rovnov\u00e1he<\/strong>, \u010do je d\u00f4le\u017eit\u00e9 pre <strong>zdrav\u00fa \u010drevn\u00fa mikrofl\u00f3ru<\/strong>. T\u00e1 tvor\u00ed a\u017e <strong>80 % <a href=\"https:\/\/linie4life.cz\/produkt\/immuboo\/\" target=\"_blank\" rel=\"noopener\">imunitn\u00e9ho syst\u00e9mu<\/a><\/strong>.<\/p>\n<p>Probiotik\u00e1 by sa teda mali u\u017e\u00edva\u0165 s\u00fa\u010dasne s antibiotikami a e\u0161te aspo\u0148 14 dn\u00ed po ich dobran\u00ed. Aby sme dosiahli \u010do najlep\u0161\u00ed \u00fa\u010dinok, je dobr\u00e9 ponecha\u0165 medzi antibiotikom a probiotikom odstup minim\u00e1lne <strong>2 hodiny<\/strong>.<\/p>\n<h2><\/h2>\n<h2>Zdrav\u00e9 \u010drev\u00e1 s\u00fa z\u00e1klad imunity<\/h2>\n<p><img decoding=\"async\" class=\"size-medium wp-image-1363 alignright\" src=\"https:\/\/www.linie4life.com\/wp-content\/uploads\/2021\/12\/zena-v-bezovem-spodnim-pradle-predvadi-gesta-rukama-kolem-pasu-na-bilem-pozadi-zamereno-na-brisni-oblast.webp\" alt=\"\" width=\"300\" height=\"200\" title=\"\"><strong>\u010crevn\u00fa mikrofl\u00f3ru <\/strong>tvor\u00ed asi sto trili\u00f3nov r\u00f4znych bakt\u00e9ri\u00ed. A t\u00e1to \u010drevn\u00e1 mikrofl\u00f3ra ovplyv\u0148uje na\u0161u imunitu a\u017e z 80 \u2013 90 %. Je preto jasn\u00e9, \u017ee by sme si mali da\u0165 naozaj ve\u013ea z\u00e1le\u017ea\u0165 na tom, aby na\u0161e \u010drev\u00e1 boli v poriadku a aby bakt\u00e9rie v nich boli <a href=\"https:\/\/www.linie4life.com\/sk\/obchod\/kremelina-detoxikacia-chudnutie-kuze-nechty-vlasy\/?wmc-currency=EUR\"><strong>v rovnov\u00e1he<\/strong><\/a>. Akon\u00e1hle sa tam toti\u017e objavia nejak\u00e9 zl\u00e9, patog\u00e9nne bakt\u00e9rie, m\u00f4\u017ee n\u00e1m to ubl\u00ed\u017ei\u0165.<\/p>\n<p><strong>Nedostatok dobr\u00fdch bakt\u00e9ri\u00ed<\/strong> toti\u017e m\u00f4\u017ee vies\u0165 k najr\u00f4znej\u0161\u00edm probl\u00e9mom. S\u00fa to napr\u00edklad za\u017e\u00edvacie probl\u00e9my ako hna\u010dka \u010di z\u00e1pcha, kvasinkov\u00e9 infekcie v po\u0161ve \u010di v \u00fastnej dutine, ekz\u00e9my, r\u00f4zne \u010fal\u0161ie <a href=\"https:\/\/www.linie4life.com\/sk\/obchod\/serrapeptaza-doplnok-250000-spu\/?wmc-currency=EUR\" target=\"_blank\" rel=\"noopener\">z\u00e1palov\u00e9 ochorenia<\/a>, ale m\u00f4\u017eu vies\u0165 a\u017e k prepuknutiu autoimunitn\u00e9ho ochorenia \u010driev.<\/p>\n<h2><\/h2>\n<h2>Ako m\u00f4\u017eu probiotik\u00e1 pom\u00f4c\u0165<\/h2>\n<p><img decoding=\"async\" class=\"size-medium wp-image-1362 alignleft\" src=\"https:\/\/www.linie4life.com\/wp-content\/uploads\/2021\/12\/modre-pilulky-usporadane-do-tvaru-sipky-na-nahem-lidskem-brise-zamereni-na-zlepseni-traveni-ci-zdravi.webp\" alt=\"\" width=\"300\" height=\"200\" title=\"\"><a href=\"https:\/\/www.linie4life.com\/sk\/obchod\/proveotic-veganske-probiotika-bez-mlieka-120-kapsul\/?wmc-currency=EUR\"><strong>Probiotik\u00e1<\/strong><\/a> tieto choroby samy o sebe s\u00edce nelie\u010dia, av\u0161ak t\u00fdm, \u017ee v \u010drev\u00e1ch <strong>pom\u00e1haj\u00fa udr\u017eiava\u0165 hladinu dobr\u00fdch bakt\u00e9ri\u00ed<\/strong>\u00ed, m\u00f4\u017eu v\u00fdrazne pom\u00f4c\u0165 ako siln\u00fd doplnok lie\u010dby. Niektor\u00fdm probl\u00e9mom m\u00f4\u017eu ale aj <strong>predch\u00e1dza\u0165<\/strong>.<\/p>\n<p>\u00da\u010dinn\u00e9 s\u00fa rozhodne u <strong>hna\u010dkov\u00fdch ochoren\u00ed<\/strong>, \u010di u\u017e pri lie\u010dbe antibiotikami alebo napr\u00edklad pri cestovan\u00ed do exotick\u00fdch kraj\u00edn, ale aj pri <strong>terapiu dr\u00e1\u017ediv\u00e9ho \u010dreva<\/strong> alebo lie\u010dby <strong>idiopatickej proktokolit\u00eddy<\/strong>. Tie\u017e sa odpor\u00fa\u010daj\u00fa bra\u0165 tehotn\u00fdm \u017een\u00e1m, preto\u017ee v\u00fdrazne <strong>zni\u017euj\u00fa \u00famrtnos\u0165 plodu<\/strong>.<\/p>\n<p>K prv\u00e9mu os\u00edd\u013eovaniu \u010driev bakt\u00e9riami doch\u00e1dza u\u017e po\u010das <strong>vagin\u00e1lneho p\u00f4rodu<\/strong>, kedy die\u0165a pri prechode p\u00f4rodn\u00fdmi cestami prejme bakt\u00e9rie matky. Aj preto je dobr\u00e9, aby nast\u00e1vaj\u00faca matka s bl\u00ed\u017eiacim sa p\u00f4rodom dbala na to, aby jej vag\u00edna nebola os\u00eddlen\u00e1 patog\u00e9nnymi organizmami. A aj s t\u00fdmto pom\u00f4\u017eu <strong>vhodne zvolen\u00e9 probiotik\u00e1<\/strong>.<\/p>\n<h2><\/h2>\n<h2>Probiotik\u00e1 alebo prebiotik\u00e1?<\/h2>\n<p><img loading=\"lazy\" decoding=\"async\" class=\"size-medium wp-image-1325 alignright\" src=\"https:\/\/www.linie4life.com\/wp-content\/uploads\/2021\/12\/osoba-pripravuje-kojeneckou-vyzivu-s-modrou-odmerkou-u-stolu-v-jasne-osvetlenem-prostoru.webp\" alt=\"\" width=\"300\" height=\"200\" title=\"\"><strong>Prebiotik\u00e1<\/strong> s\u00fa d\u00f4le\u017eit\u00e9 n\u00e1pomocn\u00e9 l\u00e1tky, ktor\u00e9 tvoria <strong>potravu pre bakt\u00e9rie<\/strong>. Tie t\u00fdm z\u00edskaj\u00fa vhodn\u00e9 podmienky na svoj rast, mno\u017eenie a zakladanie nov\u00fdch kol\u00f3ni\u00ed. Prirodzene sa nach\u00e1dza predov\u0161etk\u00fdm v ovoc\u00ed, napr\u00edklad v ban\u00e1ne, jablku, ale aj v zelenine, napr\u00edklad v cibuli.<\/p>\n<p><strong>Symbiotikum<\/strong> potom je spr\u00e1vna kombin\u00e1cia probiot\u00edk a prebiot\u00edk.<\/p>\n<p><strong>Postbiotikum<\/strong> s\u00fa v\u00fdsledn\u00e9 l\u00e1tky metabolick\u00e9ho procesu bakt\u00e9ri\u00ed. S\u00fa ve\u013emi v\u00fdznamn\u00e9 pre spr\u00e1vnu funkciu imunitn\u00e9ho syst\u00e9mu.<\/p>\n<h2><\/h2>\n<h2>Nie je probiotikum ako probiotikum. Ako vybra\u0165 to spr\u00e1vne?<\/h2>\n<p><img loading=\"lazy\" decoding=\"async\" class=\"size-medium wp-image-1326 alignleft\" src=\"https:\/\/www.linie4life.com\/wp-content\/uploads\/2021\/12\/domaci-kombucha-v-sklenicich-s-citrusy-a-zazvorem-na-drevenem-podnosu-rucne-psany-napis-kombucha-v-pozadi.webp\" alt=\"\" width=\"300\" height=\"200\" title=\"\">Naj\u010dastej\u0161ie sa m\u00f4\u017eeme stretn\u00fa\u0165 s t\u00fdmito kme\u0148mi probiot\u00edk:<\/p>\n<ul>\n<li><strong>Kvasinky<\/strong> \u2013 Zlep\u0161uj\u00fa odolnos\u0165 vo\u010di bakt\u00e9ri\u00e1m, ktor\u00e9 s\u00fa pre dan\u00fd organizmus cudzie, tak\u017ee s\u00fa vhodn\u00e9 pri cestovate\u013esk\u00fdch hna\u010dk\u00e1ch. U\u017e\u00edvaj\u00fa sa tie\u017e pri hna\u010dk\u00e1ch spojen\u00fdch s u\u017e\u00edvan\u00edm antibiot\u00edk a ako prevencia z\u00e1palu hrub\u00e9ho \u010dreva.<\/li>\n<li><strong>Bakt\u00e9rie mlie\u010dneho kvasenia<\/strong> \u2013 Men\u00ed lakt\u00f3zu na kyselinu mlie\u010dnu, ktor\u00e1 vytv\u00e1ra v \u010drev\u00e1ch prostredie nepriate\u013esk\u00e9 pre patog\u00e9nne bakt\u00e9rie. Pom\u00e1ha pri tr\u00e1ven\u00ed, br\u00e1ni rastu bakt\u00e9ri\u00e1m vyvol\u00e1vaj\u00facim hna\u010dku a \u010drevn\u00e9 z\u00e1paly.<\/li>\n<li><strong>Enterobakt\u00e9rie<\/strong> \u2013 Pom\u00e1haj\u00fa pri hna\u010dk\u00e1ch po\u010das u\u017e\u00edvania antibiot\u00edk.<\/li>\n<li><strong>Bifidobakt\u00e9rie<\/strong> \u2013 Prv\u00e9 bakt\u00e9rie, s ktor\u00fdmi pr\u00edde novorodenec do styku po\u010das prirodzen\u00e9ho p\u00f4rodu. Nach\u00e1dza sa aj v materskom mlieku. Vytv\u00e1ra kysl\u00e9 pH a zdrav\u00e9 prostredie ako z\u00e1klad pre budovanie imunitn\u00e9ho syst\u00e9mu die\u0165a\u0165a. Vz\u00e1jomne sa dop\u013a\u0148aj\u00fa s laktobacilmi.<\/li>\n<\/ul>\n<p>Vedeli ste, \u017ee <a href=\"https:\/\/www.linie4life.com\/sk\/obchod\/kombucha-extrakt-detoxikacia-chudnutie-lymfa\/?wmc-currency=EUR\" target=\"_blank\" rel=\"noopener\">extrakt z kombuchy<\/a> je najlep\u0161\u00ed a najkoncentrovanej\u0161\u00ed pr\u00edrodn\u00fd zdroj radu miner\u00e1lov, vitam\u00ednov a organick\u00fdch kysel\u00edn? Tento fermentovan\u00fd probiotick\u00fd n\u00e1poj sa pou\u017e\u00edva po st\u00e1ro\u010dia na podporu detoxik\u00e1cie a celkov\u00e9ho zdravia.<\/p>","protected":false},"excerpt":{"rendered":"<p>Jist\u011b v\u00edte, \u017ee jakmile berete antibiotika, v\u017edy v\u00e1m l\u00e9ka\u0159 doporu\u010d\u00ed br\u00e1t tak\u00e9 probiotika. Ov\u0161em nejen tehdy jsou probiotika vhodn\u00e1. Kdy je\u0161t\u011b jsou na\u0161emu t\u011blu prosp\u011b\u0161n\u00e1 a pro\u010d? Jak probiotika pom\u00e1haj\u00ed p\u0159i bran\u00ed antibiotik Zamysleli jste se n\u011bkdy p\u0159\u00edmo nad t\u011bmi pojmy \u2013 antibiotika vs. probiotika? Anti-biotika vs. Pro-biotika? To, \u017ee maj\u00ed stejn\u00fd slovn\u00ed z\u00e1klad a [&hellip;]<\/p>\n","protected":false},"author":2,"featured_media":1321,"comment_status":"open","ping_status":"open","sticky":false,"template":"","format":"standard","meta":{"footnotes":""},"categories":[51,48],"tags":[],"class_list":["post-1320","post","type-post","status-publish","format-standard","has-post-thumbnail","hentry","category-strevni-mikrobiom","category-zdravi"],"_links":{"self":[{"href":"https:\/\/www.linie4life.com\/sk\/wp-json\/wp\/v2\/posts\/1320","targetHints":{"allow":["GET"]}}],"collection":[{"href":"https:\/\/www.linie4life.com\/sk\/wp-json\/wp\/v2\/posts"}],"about":[{"href":"https:\/\/www.linie4life.com\/sk\/wp-json\/wp\/v2\/types\/post"}],"author":[{"embeddable":true,"href":"https:\/\/www.linie4life.com\/sk\/wp-json\/wp\/v2\/users\/2"}],"replies":[{"embeddable":true,"href":"https:\/\/www.linie4life.com\/sk\/wp-json\/wp\/v2\/comments?post=1320"}],"version-history":[{"count":3,"href":"https:\/\/www.linie4life.com\/sk\/wp-json\/wp\/v2\/posts\/1320\/revisions"}],"predecessor-version":[{"id":7105,"href":"https:\/\/www.linie4life.com\/sk\/wp-json\/wp\/v2\/posts\/1320\/revisions\/7105"}],"wp:featuredmedia":[{"embeddable":true,"href":"https:\/\/www.linie4life.com\/sk\/wp-json\/wp\/v2\/media\/1321"}],"wp:attachment":[{"href":"https:\/\/www.linie4life.com\/sk\/wp-json\/wp\/v2\/media?parent=1320"}],"wp:term":[{"taxonomy":"category","embeddable":true,"href":"https:\/\/www.linie4life.com\/sk\/wp-json\/wp\/v2\/categories?post=1320"},{"taxonomy":"post_tag","embeddable":true,"href":"https:\/\/www.linie4life.com\/sk\/wp-json\/wp\/v2\/tags?post=1320"}],"curies":[{"name":"wp","href":"https:\/\/api.w.org\/{rel}","templated":true}]}}